{"id":8602,"date":"2020-08-17T17:30:00","date_gmt":"2020-08-17T15:30:00","guid":{"rendered":"https:\/\/www.diewerbearchitekten.com\/aufblasbare-werbesaeulen-lt1\/"},"modified":"2024-11-21T07:07:50","modified_gmt":"2024-11-21T06:07:50","slug":"aufblasbare-werbesaeulen-lt1","status":"publish","type":"post","link":"https:\/\/www.diewerbearchitekten.com\/en\/aufblasbare-werbesaeulen-lt1\/","title":{"rendered":"Aufblasbare Werbes\u00e4ulen f\u00fcr LT1"},"content":{"rendered":"\n\n<div class=\"kk-star-ratings kksr-auto kksr-align-left kksr-valign-top\"\n    data-payload='{&quot;align&quot;:&quot;left&quot;,&quot;id&quot;:&quot;8602&quot;,&quot;slug&quot;:&quot;default&quot;,&quot;valign&quot;:&quot;top&quot;,&quot;ignore&quot;:&quot;&quot;,&quot;reference&quot;:&quot;auto&quot;,&quot;class&quot;:&quot;&quot;,&quot;count&quot;:&quot;1&quot;,&quot;legendonly&quot;:&quot;&quot;,&quot;readonly&quot;:&quot;&quot;,&quot;score&quot;:&quot;5&quot;,&quot;starsonly&quot;:&quot;&quot;,&quot;best&quot;:&quot;5&quot;,&quot;gap&quot;:&quot;5&quot;,&quot;greet&quot;:&quot;Rate this post&quot;,&quot;legend&quot;:&quot;5\\\/5 - (1 vote)&quot;,&quot;size&quot;:&quot;24&quot;,&quot;title&quot;:&quot;Aufblasbare Werbes\u00e4ulen f\u00fcr LT1&quot;,&quot;width&quot;:&quot;142.5&quot;,&quot;_legend&quot;:&quot;{score}\\\/{best} - ({count} {votes})&quot;,&quot;font_factor&quot;:&quot;1.25&quot;}'>\n            \n<div class=\"kksr-stars\">\n    \n<div class=\"kksr-stars-inactive\">\n            <div class=\"kksr-star\" data-star=\"1\" style=\"padding-right: 5px\">\n            \n\n<div class=\"kksr-icon\" style=\"width: 24px; height: 24px;\"><\/div>\n        <\/div>\n            <div class=\"kksr-star\" data-star=\"2\" style=\"padding-right: 5px\">\n            \n\n<div class=\"kksr-icon\" style=\"width: 24px; height: 24px;\"><\/div>\n        <\/div>\n            <div class=\"kksr-star\" data-star=\"3\" style=\"padding-right: 5px\">\n            \n\n<div class=\"kksr-icon\" style=\"width: 24px; height: 24px;\"><\/div>\n        <\/div>\n            <div class=\"kksr-star\" data-star=\"4\" style=\"padding-right: 5px\">\n            \n\n<div class=\"kksr-icon\" style=\"width: 24px; height: 24px;\"><\/div>\n        <\/div>\n            <div class=\"kksr-star\" data-star=\"5\" style=\"padding-right: 5px\">\n            \n\n<div class=\"kksr-icon\" style=\"width: 24px; height: 24px;\"><\/div>\n        <\/div>\n    <\/div>\n    \n<div class=\"kksr-stars-active\" style=\"width: 142.5px;\">\n            <div class=\"kksr-star\" style=\"padding-right: 5px\">\n            \n\n<div class=\"kksr-icon\" style=\"width: 24px; height: 24px;\"><\/div>\n        <\/div>\n            <div class=\"kksr-star\" style=\"padding-right: 5px\">\n            \n\n<div class=\"kksr-icon\" style=\"width: 24px; height: 24px;\"><\/div>\n        <\/div>\n            <div class=\"kksr-star\" style=\"padding-right: 5px\">\n            \n\n<div class=\"kksr-icon\" style=\"width: 24px; height: 24px;\"><\/div>\n        <\/div>\n            <div class=\"kksr-star\" style=\"padding-right: 5px\">\n            \n\n<div class=\"kksr-icon\" style=\"width: 24px; height: 24px;\"><\/div>\n        <\/div>\n            <div class=\"kksr-star\" style=\"padding-right: 5px\">\n            \n\n<div class=\"kksr-icon\" style=\"width: 24px; height: 24px;\"><\/div>\n        <\/div>\n    <\/div>\n<\/div>\n                \n\n<div class=\"kksr-legend\" style=\"font-size: 19.2px;\">\n            5\/5 - (1 vote)    <\/div>\n    <\/div>\n<h2>Blow ups \u2013 aufblasbare Werbes\u00e4ulen<\/h2>\n<p>Jeder kennt sie \u2013 die aufblasbare Werbes\u00e4ule. Kein Wunder, denn durch ihre H\u00f6he und die markante 360-Grad-Werbefl\u00e4che ist sie auch nur schwer zu \u00fcbersehen. Genau aus diesem Grund ist die aufblasbare Leuchts\u00e4ule mittlerweile ein echter Klassiker der Werbebranche und findet quer durch Veranstaltungen aller Art zahlreiche Verwendungen. Darum hat sich der private Fernsehsender LT1 f\u00fcr dieses universelle Werbemittel entschieden.<\/p>\n<h3>Flexibel und Robust<\/h3>\n<p>Jede unserer aufblasbaren Werbes\u00e4ulen wird mit unserem bew\u00e4hrten Sockelsystem ausgeliefert. In diesem Sockel befindet sich sowohl das Gebl\u00e4se als auch eine energiesparende Kaltlichtbeleuchtung. Zur Verwendung der Leuchts\u00e4ule muss lediglich der Rei\u00dfverschluss des Sockels ge\u00f6ffnet und das Kabel am Strom angeschlossen werden. Innerhalb weniger Sekunden bl\u00e4st sich die Werbes\u00e4ule auf und entfaltet so ihre Werbewirksamkeit. Ist die aufblasbare Leuchts\u00e4ule gerade nicht in Verwendung, bildet der Sockel in Kombination mit dem Deckel eine praktische Transportbox.<\/p>\n<h3>Variabel und Nachhaltig<\/h3>\n<p>Wurde einmal in unser Sockelsystem investiert, kann dieses als Ausgangsbasis f\u00fcr zahlreiche weitere Werbetr\u00e4ger genutzt werden. Die Werbefl\u00e4che ist lediglich mittels Rei\u00dfverschluss am Sockel befestigt, sodass diese mit wenigen Handgriffen gewechselt werden kann. Dabei ist man keineswegs nur an die klassische R\u00f6hrenform der Werbefl\u00e4che gebunden.\u00a0 Ebenso k\u00f6nnen beispielsweise auch Werbedrucke in Flaschenform auf den Sockel aufgezippt werden. Hat man auch einen zweiten Sockel, kann durch den entsprechenden Aufsatz problemlos auch ein aufblasbarer Durchgangsbogen geschaffen werden.<\/p>\n<h3>Qualit\u00e4t<\/h3>\n<p>Neben einem Maximum an Flexibilit\u00e4t erwartet unsere Kunden auch ein hohes Ma\u00df an Qualit\u00e4t. Die verwendete Technik sowie die verarbeiteten Materialen stammen allesamt von namhaften Herstellern und sind mit diversen Zertifikaten ausgezeichnet. Dies gew\u00e4hrleistet einen Einsatz \u00fcber viele Jahre hinweg. Bereits vor der Kaufentscheidung sollte man sich ein wenig Zeit nehmen und die Produkte genau vergleichen. Viele aufblasbare Werbes\u00e4ulen, welche von den diversen Anbietern direkt aus Fernost importiert werden, sehen zwar auf den ersten Blick toll aus, erf\u00fcllen jedoch die Erwartungen meist nicht.<\/p>\n<p>&nbsp;<\/p>\n<p>Weitere Informationen den<a href=\"https:\/\/www.diewerbearchitekten.com\/produkte\/aufblasbare-werbetraeger\/\"> aufblasbaren Leuchts\u00e4ulen<\/a> finden Sie hier!<\/p>\n<p>&nbsp;<\/p>\n","protected":false},"excerpt":{"rendered":"<p>Blow ups \u2013 aufblasbare Werbes\u00e4ulen Jeder kennt sie \u2013 die aufblasbare Werbes\u00e4ule. Kein Wunder, denn durch ihre H\u00f6he und die markante 360-Grad-Werbefl\u00e4che ist sie auch nur schwer zu \u00fcbersehen. Genau aus diesem Grund ist die aufblasbare Leuchts\u00e4ule mittlerweile ein echter Klassiker der Werbebranche und findet quer durch Veranstaltungen aller Art zahlreiche Verwendungen. Darum hat sich [&hellip;]<\/p>\n","protected":false},"author":2,"featured_media":0,"comment_status":"open","ping_status":"open","sticky":false,"template":"","format":"standard","meta":{"_acf_changed":false,"footnotes":""},"categories":[63],"tags":[],"class_list":["post-8602","post","type-post","status-publish","format-standard","hentry","category-uncategorized"],"acf":[],"yoast_head":"<!-- This site is optimized with the Yoast SEO plugin v27.4 - https:\/\/yoast.com\/product\/yoast-seo-wordpress\/ -->\n<title>Aufblasbare Werbes\u00e4ulen f\u00fcr LT1 - auff\u00e4llig und hochwertig!<\/title>\n<meta name=\"description\" content=\"H\u00f6chste Qualit\u00e4t \u2713 \u00fcber 10 Jahre Erfahrung \u2713 Aufblasbare Werbes\u00e4ulen f\u00fcr LT1 \u2713 nach Kundenwunsch gefertigt \u2713 Qualit\u00e4t aus \u00d6sterreich \u2713\" \/>\n<meta name=\"robots\" content=\"index, follow, max-snippet:-1, max-image-preview:large, max-video-preview:-1\" \/>\n<link rel=\"canonical\" href=\"https:\/\/www.diewerbearchitekten.com\/en\/aufblasbare-werbesaeulen-lt1\/\" \/>\n<meta property=\"og:locale\" content=\"en_US\" \/>\n<meta property=\"og:type\" content=\"article\" \/>\n<meta property=\"og:title\" content=\"Aufblasbare Werbes\u00e4ulen f\u00fcr LT1 - auff\u00e4llig und hochwertig!\" \/>\n<meta property=\"og:description\" content=\"H\u00f6chste Qualit\u00e4t \u2713 \u00fcber 10 Jahre Erfahrung \u2713 Aufblasbare Werbes\u00e4ulen f\u00fcr LT1 \u2713 nach Kundenwunsch gefertigt \u2713 Qualit\u00e4t aus \u00d6sterreich \u2713\" \/>\n<meta property=\"og:url\" content=\"https:\/\/www.diewerbearchitekten.com\/en\/aufblasbare-werbesaeulen-lt1\/\" \/>\n<meta property=\"og:site_name\" content=\"Die Werbearchitekten\" \/>\n<meta property=\"article:publisher\" content=\"https:\/\/www.facebook.com\/DieWerbearchitekten\/\" \/>\n<meta property=\"article:published_time\" content=\"2020-08-17T15:30:00+00:00\" \/>\n<meta property=\"article:modified_time\" content=\"2024-11-21T06:07:50+00:00\" \/>\n<meta name=\"author\" content=\"diewerbearchitekten\" \/>\n<meta name=\"twitter:card\" content=\"summary_large_image\" \/>\n<meta name=\"twitter:label1\" content=\"Written by\" \/>\n\t<meta name=\"twitter:data1\" content=\"diewerbearchitekten\" \/>\n\t<meta name=\"twitter:label2\" content=\"Est. reading time\" \/>\n\t<meta name=\"twitter:data2\" content=\"3 minutes\" \/>\n<script type=\"application\/ld+json\" class=\"yoast-schema-graph\">{\"@context\":\"https:\\\/\\\/schema.org\",\"@graph\":[{\"@type\":\"Article\",\"@id\":\"https:\\\/\\\/www.diewerbearchitekten.com\\\/en\\\/aufblasbare-werbesaeulen-lt1\\\/#article\",\"isPartOf\":{\"@id\":\"https:\\\/\\\/www.diewerbearchitekten.com\\\/en\\\/aufblasbare-werbesaeulen-lt1\\\/\"},\"author\":{\"name\":\"diewerbearchitekten\",\"@id\":\"https:\\\/\\\/www.diewerbearchitekten.com\\\/en\\\/#\\\/schema\\\/person\\\/8a28b64debc3cb3f6f63b07e62e9db5d\"},\"headline\":\"Aufblasbare Werbes\u00e4ulen f\u00fcr LT1\",\"datePublished\":\"2020-08-17T15:30:00+00:00\",\"dateModified\":\"2024-11-21T06:07:50+00:00\",\"mainEntityOfPage\":{\"@id\":\"https:\\\/\\\/www.diewerbearchitekten.com\\\/en\\\/aufblasbare-werbesaeulen-lt1\\\/\"},\"wordCount\":345,\"commentCount\":0,\"publisher\":{\"@id\":\"https:\\\/\\\/www.diewerbearchitekten.com\\\/en\\\/#organization\"},\"inLanguage\":\"en-US\"},{\"@type\":\"WebPage\",\"@id\":\"https:\\\/\\\/www.diewerbearchitekten.com\\\/en\\\/aufblasbare-werbesaeulen-lt1\\\/\",\"url\":\"https:\\\/\\\/www.diewerbearchitekten.com\\\/en\\\/aufblasbare-werbesaeulen-lt1\\\/\",\"name\":\"Aufblasbare Werbes\u00e4ulen f\u00fcr LT1 - auff\u00e4llig und hochwertig!\",\"isPartOf\":{\"@id\":\"https:\\\/\\\/www.diewerbearchitekten.com\\\/en\\\/#website\"},\"datePublished\":\"2020-08-17T15:30:00+00:00\",\"dateModified\":\"2024-11-21T06:07:50+00:00\",\"description\":\"H\u00f6chste Qualit\u00e4t \u2713 \u00fcber 10 Jahre Erfahrung \u2713 Aufblasbare Werbes\u00e4ulen f\u00fcr LT1 \u2713 nach Kundenwunsch gefertigt \u2713 Qualit\u00e4t aus \u00d6sterreich \u2713\",\"breadcrumb\":{\"@id\":\"https:\\\/\\\/www.diewerbearchitekten.com\\\/en\\\/aufblasbare-werbesaeulen-lt1\\\/#breadcrumb\"},\"inLanguage\":\"en-US\",\"potentialAction\":[{\"@type\":\"ReadAction\",\"target\":[\"https:\\\/\\\/www.diewerbearchitekten.com\\\/en\\\/aufblasbare-werbesaeulen-lt1\\\/\"]}]},{\"@type\":\"BreadcrumbList\",\"@id\":\"https:\\\/\\\/www.diewerbearchitekten.com\\\/en\\\/aufblasbare-werbesaeulen-lt1\\\/#breadcrumb\",\"itemListElement\":[{\"@type\":\"ListItem\",\"position\":1,\"name\":\"Home\",\"item\":\"https:\\\/\\\/www.diewerbearchitekten.com\\\/en\\\/\"},{\"@type\":\"ListItem\",\"position\":2,\"name\":\"Aufblasbare Werbes\u00e4ulen f\u00fcr LT1\"}]},{\"@type\":\"WebSite\",\"@id\":\"https:\\\/\\\/www.diewerbearchitekten.com\\\/en\\\/#website\",\"url\":\"https:\\\/\\\/www.diewerbearchitekten.com\\\/en\\\/\",\"name\":\"Die Werbearchitekten\",\"description\":\"\",\"publisher\":{\"@id\":\"https:\\\/\\\/www.diewerbearchitekten.com\\\/en\\\/#organization\"},\"potentialAction\":[{\"@type\":\"SearchAction\",\"target\":{\"@type\":\"EntryPoint\",\"urlTemplate\":\"https:\\\/\\\/www.diewerbearchitekten.com\\\/en\\\/?s={search_term_string}\"},\"query-input\":{\"@type\":\"PropertyValueSpecification\",\"valueRequired\":true,\"valueName\":\"search_term_string\"}}],\"inLanguage\":\"en-US\"},{\"@type\":\"Organization\",\"@id\":\"https:\\\/\\\/www.diewerbearchitekten.com\\\/en\\\/#organization\",\"name\":\"DWA OG\",\"url\":\"https:\\\/\\\/www.diewerbearchitekten.com\\\/en\\\/\",\"logo\":{\"@type\":\"ImageObject\",\"inLanguage\":\"en-US\",\"@id\":\"https:\\\/\\\/www.diewerbearchitekten.com\\\/en\\\/#\\\/schema\\\/logo\\\/image\\\/\",\"url\":\"https:\\\/\\\/www.diewerbearchitekten.com\\\/wp-content\\\/uploads\\\/Signet_1000x1000.png\",\"contentUrl\":\"https:\\\/\\\/www.diewerbearchitekten.com\\\/wp-content\\\/uploads\\\/Signet_1000x1000.png\",\"width\":4167,\"height\":4167,\"caption\":\"DWA OG\"},\"image\":{\"@id\":\"https:\\\/\\\/www.diewerbearchitekten.com\\\/en\\\/#\\\/schema\\\/logo\\\/image\\\/\"},\"sameAs\":[\"https:\\\/\\\/www.facebook.com\\\/DieWerbearchitekten\\\/\"]},{\"@type\":\"Person\",\"@id\":\"https:\\\/\\\/www.diewerbearchitekten.com\\\/en\\\/#\\\/schema\\\/person\\\/8a28b64debc3cb3f6f63b07e62e9db5d\",\"name\":\"diewerbearchitekten\",\"image\":{\"@type\":\"ImageObject\",\"inLanguage\":\"en-US\",\"@id\":\"https:\\\/\\\/secure.gravatar.com\\\/avatar\\\/2bb6cda692f7cedd2a67fb239da06b3bc5050376d91f7bc6f67d34c387b40c92?s=96&d=mm&r=g\",\"url\":\"https:\\\/\\\/secure.gravatar.com\\\/avatar\\\/2bb6cda692f7cedd2a67fb239da06b3bc5050376d91f7bc6f67d34c387b40c92?s=96&d=mm&r=g\",\"contentUrl\":\"https:\\\/\\\/secure.gravatar.com\\\/avatar\\\/2bb6cda692f7cedd2a67fb239da06b3bc5050376d91f7bc6f67d34c387b40c92?s=96&d=mm&r=g\",\"caption\":\"diewerbearchitekten\"}}]}<\/script>\n<!-- \/ Yoast SEO plugin. -->","yoast_head_json":{"title":"Aufblasbare Werbes\u00e4ulen f\u00fcr LT1 - auff\u00e4llig und hochwertig!","description":"H\u00f6chste Qualit\u00e4t \u2713 \u00fcber 10 Jahre Erfahrung \u2713 Aufblasbare Werbes\u00e4ulen f\u00fcr LT1 \u2713 nach Kundenwunsch gefertigt \u2713 Qualit\u00e4t aus \u00d6sterreich \u2713","robots":{"index":"index","follow":"follow","max-snippet":"max-snippet:-1","max-image-preview":"max-image-preview:large","max-video-preview":"max-video-preview:-1"},"canonical":"https:\/\/www.diewerbearchitekten.com\/en\/aufblasbare-werbesaeulen-lt1\/","og_locale":"en_US","og_type":"article","og_title":"Aufblasbare Werbes\u00e4ulen f\u00fcr LT1 - auff\u00e4llig und hochwertig!","og_description":"H\u00f6chste Qualit\u00e4t \u2713 \u00fcber 10 Jahre Erfahrung \u2713 Aufblasbare Werbes\u00e4ulen f\u00fcr LT1 \u2713 nach Kundenwunsch gefertigt \u2713 Qualit\u00e4t aus \u00d6sterreich \u2713","og_url":"https:\/\/www.diewerbearchitekten.com\/en\/aufblasbare-werbesaeulen-lt1\/","og_site_name":"Die Werbearchitekten","article_publisher":"https:\/\/www.facebook.com\/DieWerbearchitekten\/","article_published_time":"2020-08-17T15:30:00+00:00","article_modified_time":"2024-11-21T06:07:50+00:00","author":"diewerbearchitekten","twitter_card":"summary_large_image","twitter_misc":{"Written by":"diewerbearchitekten","Est. reading time":"3 minutes"},"schema":{"@context":"https:\/\/schema.org","@graph":[{"@type":"Article","@id":"https:\/\/www.diewerbearchitekten.com\/en\/aufblasbare-werbesaeulen-lt1\/#article","isPartOf":{"@id":"https:\/\/www.diewerbearchitekten.com\/en\/aufblasbare-werbesaeulen-lt1\/"},"author":{"name":"diewerbearchitekten","@id":"https:\/\/www.diewerbearchitekten.com\/en\/#\/schema\/person\/8a28b64debc3cb3f6f63b07e62e9db5d"},"headline":"Aufblasbare Werbes\u00e4ulen f\u00fcr LT1","datePublished":"2020-08-17T15:30:00+00:00","dateModified":"2024-11-21T06:07:50+00:00","mainEntityOfPage":{"@id":"https:\/\/www.diewerbearchitekten.com\/en\/aufblasbare-werbesaeulen-lt1\/"},"wordCount":345,"commentCount":0,"publisher":{"@id":"https:\/\/www.diewerbearchitekten.com\/en\/#organization"},"inLanguage":"en-US"},{"@type":"WebPage","@id":"https:\/\/www.diewerbearchitekten.com\/en\/aufblasbare-werbesaeulen-lt1\/","url":"https:\/\/www.diewerbearchitekten.com\/en\/aufblasbare-werbesaeulen-lt1\/","name":"Aufblasbare Werbes\u00e4ulen f\u00fcr LT1 - auff\u00e4llig und hochwertig!","isPartOf":{"@id":"https:\/\/www.diewerbearchitekten.com\/en\/#website"},"datePublished":"2020-08-17T15:30:00+00:00","dateModified":"2024-11-21T06:07:50+00:00","description":"H\u00f6chste Qualit\u00e4t \u2713 \u00fcber 10 Jahre Erfahrung \u2713 Aufblasbare Werbes\u00e4ulen f\u00fcr LT1 \u2713 nach Kundenwunsch gefertigt \u2713 Qualit\u00e4t aus \u00d6sterreich \u2713","breadcrumb":{"@id":"https:\/\/www.diewerbearchitekten.com\/en\/aufblasbare-werbesaeulen-lt1\/#breadcrumb"},"inLanguage":"en-US","potentialAction":[{"@type":"ReadAction","target":["https:\/\/www.diewerbearchitekten.com\/en\/aufblasbare-werbesaeulen-lt1\/"]}]},{"@type":"BreadcrumbList","@id":"https:\/\/www.diewerbearchitekten.com\/en\/aufblasbare-werbesaeulen-lt1\/#breadcrumb","itemListElement":[{"@type":"ListItem","position":1,"name":"Home","item":"https:\/\/www.diewerbearchitekten.com\/en\/"},{"@type":"ListItem","position":2,"name":"Aufblasbare Werbes\u00e4ulen f\u00fcr LT1"}]},{"@type":"WebSite","@id":"https:\/\/www.diewerbearchitekten.com\/en\/#website","url":"https:\/\/www.diewerbearchitekten.com\/en\/","name":"Die Werbearchitekten","description":"","publisher":{"@id":"https:\/\/www.diewerbearchitekten.com\/en\/#organization"},"potentialAction":[{"@type":"SearchAction","target":{"@type":"EntryPoint","urlTemplate":"https:\/\/www.diewerbearchitekten.com\/en\/?s={search_term_string}"},"query-input":{"@type":"PropertyValueSpecification","valueRequired":true,"valueName":"search_term_string"}}],"inLanguage":"en-US"},{"@type":"Organization","@id":"https:\/\/www.diewerbearchitekten.com\/en\/#organization","name":"DWA OG","url":"https:\/\/www.diewerbearchitekten.com\/en\/","logo":{"@type":"ImageObject","inLanguage":"en-US","@id":"https:\/\/www.diewerbearchitekten.com\/en\/#\/schema\/logo\/image\/","url":"https:\/\/www.diewerbearchitekten.com\/wp-content\/uploads\/Signet_1000x1000.png","contentUrl":"https:\/\/www.diewerbearchitekten.com\/wp-content\/uploads\/Signet_1000x1000.png","width":4167,"height":4167,"caption":"DWA OG"},"image":{"@id":"https:\/\/www.diewerbearchitekten.com\/en\/#\/schema\/logo\/image\/"},"sameAs":["https:\/\/www.facebook.com\/DieWerbearchitekten\/"]},{"@type":"Person","@id":"https:\/\/www.diewerbearchitekten.com\/en\/#\/schema\/person\/8a28b64debc3cb3f6f63b07e62e9db5d","name":"diewerbearchitekten","image":{"@type":"ImageObject","inLanguage":"en-US","@id":"https:\/\/secure.gravatar.com\/avatar\/2bb6cda692f7cedd2a67fb239da06b3bc5050376d91f7bc6f67d34c387b40c92?s=96&d=mm&r=g","url":"https:\/\/secure.gravatar.com\/avatar\/2bb6cda692f7cedd2a67fb239da06b3bc5050376d91f7bc6f67d34c387b40c92?s=96&d=mm&r=g","contentUrl":"https:\/\/secure.gravatar.com\/avatar\/2bb6cda692f7cedd2a67fb239da06b3bc5050376d91f7bc6f67d34c387b40c92?s=96&d=mm&r=g","caption":"diewerbearchitekten"}}]}},"_links":{"self":[{"href":"https:\/\/www.diewerbearchitekten.com\/en\/wp-json\/wp\/v2\/posts\/8602","targetHints":{"allow":["GET"]}}],"collection":[{"href":"https:\/\/www.diewerbearchitekten.com\/en\/wp-json\/wp\/v2\/posts"}],"about":[{"href":"https:\/\/www.diewerbearchitekten.com\/en\/wp-json\/wp\/v2\/types\/post"}],"author":[{"embeddable":true,"href":"https:\/\/www.diewerbearchitekten.com\/en\/wp-json\/wp\/v2\/users\/2"}],"replies":[{"embeddable":true,"href":"https:\/\/www.diewerbearchitekten.com\/en\/wp-json\/wp\/v2\/comments?post=8602"}],"version-history":[{"count":4,"href":"https:\/\/www.diewerbearchitekten.com\/en\/wp-json\/wp\/v2\/posts\/8602\/revisions"}],"predecessor-version":[{"id":17521,"href":"https:\/\/www.diewerbearchitekten.com\/en\/wp-json\/wp\/v2\/posts\/8602\/revisions\/17521"}],"wp:attachment":[{"href":"https:\/\/www.diewerbearchitekten.com\/en\/wp-json\/wp\/v2\/media?parent=8602"}],"wp:term":[{"taxonomy":"category","embeddable":true,"href":"https:\/\/www.diewerbearchitekten.com\/en\/wp-json\/wp\/v2\/categories?post=8602"},{"taxonomy":"post_tag","embeddable":true,"href":"https:\/\/www.diewerbearchitekten.com\/en\/wp-json\/wp\/v2\/tags?post=8602"}],"curies":[{"name":"wp","href":"https:\/\/api.w.org\/{rel}","templated":true}]}}